{"id":80,"date":"2020-09-17T08:35:23","date_gmt":"2020-09-17T06:35:23","guid":{"rendered":"http:\/\/thomas-messias.com\/?p=80"},"modified":"2020-10-22T08:45:06","modified_gmt":"2020-10-22T06:45:06","slug":"interventions-conferences-tables-rondes","status":"publish","type":"post","link":"https:\/\/thomas-messias.com\/index.php\/2020\/09\/17\/interventions-conferences-tables-rondes\/","title":{"rendered":"\ud83d\udde3 INTERVENTIONS, CONF\u00c9RENCES, TABLES RONDES"},"content":{"rendered":"\n<ul><li>Masterclass vid\u00e9o pour <a href=\"https:\/\/www.feministsinthecity.com\/\">Feminists and the City<\/a>, mardi 6 octobre 2020 : <a href=\"https:\/\/www.facebook.com\/events\/626478244721160\/?post_id=644677469567904&amp;acontext=%7B%22source%22%3A%2229%22%2C%22ref_notif_type%22%3A%22admin_plan_mall_activity%22%2C%22action_history%22%3A%22null%22%7D&amp;notif_id=1601798742008081&amp;notif_t=admin_plan_mall_activity&amp;ref=notif\">\u00ab D\u00e9construire les masculinit\u00e9s \u00bb<\/a> <em>[complet]<\/em><\/li><li>G\u00e9opolitiques de Nantes (8\u00e8me \u00e9dition), 25 septembre 2020 \u2014 <a href=\"https:\/\/www.iris-france.org\/evenements\/les-geopolitiques-de-nantes-8e-edition\/\">Le genre s\u2019est-il impos\u00e9 dans l\u2019agenda politique international&nbsp;?<\/a>&nbsp;<em>[table&nbsp;ronde&nbsp;au&nbsp;Lieu&nbsp;Unique \u2014 anim\u00e9e par Marie-C\u00e9cile Naves, avec Rokhaya Diallo, Genevi\u00e8ve Garrigos, Sarah Zouak] [m\u00e0j : participation annul\u00e9e pour raisons sanitaires]<\/em><\/li><li>Radio-Canada Premi\u00e8re, <em>P\u00e9n\u00e9lope<\/em>, 24 septembre 2020 \u2014 <a href=\"https:\/\/ici.radio-canada.ca\/premiere\/emissions\/penelope\/episodes\/482608\/rattrapage-du-jeudi-24-septembre-2020\/8\">Ce qu&#8217;on a appris du confinement : entretien avec le journaliste Thomas Messias<\/a><\/li><li><a href=\"https:\/\/www.youtube.com\/watch?v=K8-745VIsVM\">WeToo Live #2<\/a>, 22 juillet 2020 <em>[rencontre vid\u00e9o]<\/em><\/li><li><a href=\"https:\/\/www.causette.fr\/prix-de-lessai-feministe-causette\">Prix de l&#8217;essai f\u00e9ministe Causette, 1\u00e8re \u00e9dition<\/a> \u2014 membre du jury pr\u00e9sid\u00e9 par Laure Adler <em>[avec Lauren Bastide, Nadia Daam, Camille Froidevaux-Metterie, Dr Kpote, Anne-C\u00e9cile Mailfert, Jennifer Padjemi, Charlotte Pudlowski]<\/em><\/li><li>Festival des Inrocks, 6 mars 2020 \u2014 <a href=\"https:\/\/gaite-lyrique.net\/evenement\/je-podcaste-tu-podcastes-nous-podcasterons\">Je podcaste, tu podcastes, nous podcasterons<\/a> <em>[rencontre \u00e0 la Ga\u00eet\u00e9 Lyrique \u2014 anim\u00e9e par Fanny Marlier, avec Fran\u00e7ois Oulac, Charlotte Pudlowski, Cl\u00e9mentine Spiler]<\/em><\/li><li>Brussels Podcast Festival, 1er mars 2020 \u2014 <a href=\"https:\/\/www.atelier210.be\/agenda\/2020-02-29-5\/\">Podcast et f\u00e9minisme intersectionnel<\/a> <em>[rencontre \u00e0 l&#8217;Atelier 210 \u2014 anim\u00e9e par Myriam Leroy, avec Priscilla Adade, Acha\u00efso Ambali, Charlotte Bienaim\u00e9, Charlotte Pudlowski]<\/em><\/li><li><a href=\"https:\/\/www.tedxlarochelle.com\/\">TEDxLaRochelleWomen<\/a>, 14 d\u00e9cembre 2019 \u2014 <a href=\"https:\/\/www.youtube.com\/watch?v=i7nW1UoOEs0&amp;t=141s\">Cyberharc\u00e8lement, f\u00e9minisme et pizzas<\/a> <em>[talk]<\/em><\/li><li>Nuit des D\u00e9bats &#8211; Humans for Women, 7 d\u00e9cembre 2018 \u2014 <a href=\"https:\/\/debat.paris.fr\/home\/2424\/rencontre\/7935\">D\u00e9construire les masculinit\u00e9s<\/a><em> [table ronde \u00e0 la MIE Bastille \u2014 anim\u00e9e par les militantes de Humans for Women, avec Emmanuelle Andreani, Olivia Gazal\u00e9, M\u00e9lanie Gourarier]<\/em><\/li><\/ul>\n","protected":false},"excerpt":{"rendered":"<p>Masterclass vid\u00e9o pour Feminists and the City, mardi 6 octobre 2020 : \u00ab D\u00e9construire les masculinit\u00e9s \u00bb [complet] G\u00e9opolitiques de Nantes (8\u00e8me \u00e9dition), 25 septembre 2020 \u2014 Le genre s\u2019est-il impos\u00e9 dans l\u2019agenda politique international&nbsp;?&nbsp;[table&nbsp;ronde&nbsp;au&nbsp;Lieu&nbsp;Unique \u2014 anim\u00e9e par Marie-C\u00e9cile Naves, avec Rokhaya Diallo, Genevi\u00e8ve Garrigos, Sarah Zouak] [m\u00e0j : participation annul\u00e9e pour raisons sanitaires] Radio-Canada [&hellip;]<\/p>\n","protected":false},"author":1,"featured_media":0,"comment_status":"closed","ping_status":"open","sticky":false,"template":"","format":"standard","meta":[],"categories":[1],"tags":[],"_links":{"self":[{"href":"https:\/\/thomas-messias.com\/index.php\/wp-json\/wp\/v2\/posts\/80"}],"collection":[{"href":"https:\/\/thomas-messias.com\/index.php\/wp-json\/wp\/v2\/posts"}],"about":[{"href":"https:\/\/thomas-messias.com\/index.php\/wp-json\/wp\/v2\/types\/post"}],"author":[{"embeddable":true,"href":"https:\/\/thomas-messias.com\/index.php\/wp-json\/wp\/v2\/users\/1"}],"replies":[{"embeddable":true,"href":"https:\/\/thomas-messias.com\/index.php\/wp-json\/wp\/v2\/comments?post=80"}],"version-history":[{"count":9,"href":"https:\/\/thomas-messias.com\/index.php\/wp-json\/wp\/v2\/posts\/80\/revisions"}],"predecessor-version":[{"id":135,"href":"https:\/\/thomas-messias.com\/index.php\/wp-json\/wp\/v2\/posts\/80\/revisions\/135"}],"wp:attachment":[{"href":"https:\/\/thomas-messias.com\/index.php\/wp-json\/wp\/v2\/media?parent=80"}],"wp:term":[{"taxonomy":"category","embeddable":true,"href":"https:\/\/thomas-messias.com\/index.php\/wp-json\/wp\/v2\/categories?post=80"},{"taxonomy":"post_tag","embeddable":true,"href":"https:\/\/thomas-messias.com\/index.php\/wp-json\/wp\/v2\/tags?post=80"}],"curies":[{"name":"wp","href":"https:\/\/api.w.org\/{rel}","templated":true}]}}